{"id":926,"date":"2026-02-23T11:27:51","date_gmt":"2026-02-23T11:27:51","guid":{"rendered":"https:\/\/staging.brandi.pt\/?p=926"},"modified":"2026-02-23T12:01:36","modified_gmt":"2026-02-23T12:01:36","slug":"sostenibilidad-se-convierte-en-criterio-decisivo-en-la-carpinteria-profesional","status":"publish","type":"post","link":"https:\/\/www.iberagree.eu\/es\/sustentabilidade-torna-se-criterio-decisivo-na-carpintaria-profissional\/","title":{"rendered":"La sostenibilidad se convierte en un criterio decisivo en la carpinter\u00eda profesional"},"content":{"rendered":"<p class=\"wp-block-paragraph\">La sostenibilidad ha asumido un papel central en la forma en que se piensan y ejecutan los proyectos de carpinter\u00eda profesional. M\u00e1s que una tendencia, se ha convertido en un criterio decisivo en la selecci\u00f3n de socios para obras de hoteler\u00eda, construcci\u00f3n e interiores de alta gama, sobre todo en proyectos internacionales.<\/p>\n\n\n\n<p class=\"wp-block-paragraph\">La elecci\u00f3n consciente de los materiales, la durabilidad de las soluciones y la optimizaci\u00f3n de los procesos productivos son hoy factores determinantes para reducir el impacto ambiental y garantizar una mayor longevidad de los espacios. En este contexto, la carpinter\u00eda de limpio destaca por la precisi\u00f3n en la ejecuci\u00f3n, por la reducci\u00f3n de desperdicios y por la valorizaci\u00f3n de soluciones a medida, pensadas para responder a las exigencias reales de cada proyecto.<\/p>\n\n\n\n<p class=\"wp-block-paragraph\">Las directrices europeas para una construcci\u00f3n m\u00e1s responsable, promovidas por entidades como la Comisi\u00f3n Europea, as\u00ed como el marco nacional definido por la APA, refuerzan la importancia de pr\u00e1cticas sostenibles en toda la cadena de valor de la madera.<\/p>\n\n\n\n<p class=\"wp-block-paragraph\">IberAgree acompa\u00f1a esta evoluci\u00f3n con un enfoque centrado en la calidad de los materiales, la durabilidad de las soluciones de carpinter\u00eda y el rigor de los procesos de ejecuci\u00f3n. Esta visi\u00f3n permite responder a las exigencias actuales del mercado, conciliando el rendimiento t\u00e9cnico, la est\u00e9tica y la responsabilidad ambiental.<\/p>\n\n\n\n<p class=\"wp-block-paragraph\">La sostenibilidad, aliada a la calidad y al detalle, consolida as\u00ed el posicionamiento de la carpinter\u00eda portuguesa como una opci\u00f3n de confianza en proyectos exigentes, tanto a nivel nacional como internacional.<\/p>","protected":false},"excerpt":{"rendered":"<p>A sustentabilidade assumiu um papel central na forma como s\u00e3o pensados e executados os projetos de carpintaria profissional. Mais do que uma tend\u00eancia, tornou-se um crit\u00e9rio decisivo na sele\u00e7\u00e3o de parceiros para obras de hotelaria, constru\u00e7\u00e3o e interiores premium, sobretudo em projetos internacionais. A escolha consciente dos materiais, a durabilidade das solu\u00e7\u00f5es e a otimiza\u00e7\u00e3o [&hellip;]<\/p>\n","protected":false},"author":1,"featured_media":946,"comment_status":"closed","ping_status":"","sticky":false,"template":"","format":"standard","meta":{"_seopress_titles_title":"","_seopress_titles_desc":"","_seopress_robots_index":"","_seopress_robots_follow":"","_seopress_robots_imageindex":"","_seopress_robots_snippet":"","_seopress_robots_primary_cat":"","_seopress_robots_breadcrumbs":"","_seopress_robots_freeze_modified_date":"","_seopress_robots_custom_modified_date":"","_seopress_robots_canonical":"","_seopress_social_fb_title":"","_seopress_social_fb_desc":"","_seopress_social_fb_img":"","_seopress_social_fb_img_attachment_id":0,"_seopress_social_fb_img_width":0,"_seopress_social_fb_img_height":0,"_seopress_social_twitter_title":"","_seopress_social_twitter_desc":"","_seopress_social_twitter_img":"","_seopress_social_twitter_img_attachment_id":0,"_seopress_social_twitter_img_width":0,"_seopress_social_twitter_img_height":0,"_seopress_redirections_value":"","_seopress_redirections_enabled":"","_seopress_redirections_enabled_regex":"","_seopress_redirections_logged_status":"","_seopress_redirections_param":"","_seopress_redirections_type":0,"_seopress_analysis_target_kw":"","footnotes":""},"categories":[1],"tags":[],"class_list":["post-926","post","type-post","status-publish","format-standard","has-post-thumbnail","hentry","category-novidades"],"_links":{"self":[{"href":"https:\/\/www.iberagree.eu\/es\/wp-json\/wp\/v2\/posts\/926","targetHints":{"allow":["GET"]}}],"collection":[{"href":"https:\/\/www.iberagree.eu\/es\/wp-json\/wp\/v2\/posts"}],"about":[{"href":"https:\/\/www.iberagree.eu\/es\/wp-json\/wp\/v2\/types\/post"}],"author":[{"embeddable":true,"href":"https:\/\/www.iberagree.eu\/es\/wp-json\/wp\/v2\/users\/1"}],"replies":[{"embeddable":true,"href":"https:\/\/www.iberagree.eu\/es\/wp-json\/wp\/v2\/comments?post=926"}],"version-history":[{"count":1,"href":"https:\/\/www.iberagree.eu\/es\/wp-json\/wp\/v2\/posts\/926\/revisions"}],"predecessor-version":[{"id":927,"href":"https:\/\/www.iberagree.eu\/es\/wp-json\/wp\/v2\/posts\/926\/revisions\/927"}],"wp:featuredmedia":[{"embeddable":true,"href":"https:\/\/www.iberagree.eu\/es\/wp-json\/wp\/v2\/media\/946"}],"wp:attachment":[{"href":"https:\/\/www.iberagree.eu\/es\/wp-json\/wp\/v2\/media?parent=926"}],"wp:term":[{"taxonomy":"category","embeddable":true,"href":"https:\/\/www.iberagree.eu\/es\/wp-json\/wp\/v2\/categories?post=926"},{"taxonomy":"post_tag","embeddable":true,"href":"https:\/\/www.iberagree.eu\/es\/wp-json\/wp\/v2\/tags?post=926"}],"curies":[{"name":"wp","href":"https:\/\/api.w.org\/{rel}","templated":true}]}}