{"id":2317,"date":"2026-07-24T14:34:15","date_gmt":"2026-07-24T13:34:15","guid":{"rendered":"https:\/\/www.iberagree.eu\/?p=2317"},"modified":"2026-07-24T14:34:15","modified_gmt":"2026-07-24T13:34:15","slug":"como-manter-a-madeira-conservada-em-hoteis-e-espacos-empresariais-durante-o-verao","status":"publish","type":"post","link":"https:\/\/www.iberagree.eu\/fr\/como-manter-a-madeira-conservada-em-hoteis-e-espacos-empresariais-durante-o-verao\/","title":{"rendered":"Comment conserver le bois dans les h\u00f4tels et les espaces d'affaires pendant l'\u00e9t\u00e9 ?"},"content":{"rendered":"<p class=\"wp-block-paragraph\">A melhor forma de conservar a madeira em hot\u00e9is e espa\u00e7os empresariais durante o ver\u00e3o passa por uma combina\u00e7\u00e3o de manuten\u00e7\u00e3o preventiva, controlo da exposi\u00e7\u00e3o solar, estabilidade das condi\u00e7\u00f5es ambientais e utiliza\u00e7\u00e3o de produtos adequados ao tipo de acabamento. Estes cuidados ajudam a preservar a apar\u00eancia, a resist\u00eancia e a durabilidade dos elementos em madeira ao longo dos anos.<\/p>\n\n\n\n<p class=\"wp-block-paragraph\">Na <strong>IberAgree<\/strong>, cada projeto de carpintaria t\u00e9cnica \u00e9 desenvolvido tendo em conta as caracter\u00edsticas do espa\u00e7o, a intensidade de utiliza\u00e7\u00e3o e as condi\u00e7\u00f5es ambientais a que os materiais estar\u00e3o sujeitos. Esta abordagem permite criar solu\u00e7\u00f5es preparadas para responder \u00e0s exig\u00eancias de hot\u00e9is, escrit\u00f3rios, espa\u00e7os comerciais e outros projetos de grande dimens\u00e3o.<\/p>\n\n\n\n<h3 class=\"wp-block-heading\">Porque \u00e9 importante proteger a madeira durante o ver\u00e3o?<\/h3>\n\n\n\n<p class=\"wp-block-paragraph\">A madeira continua a ser um dos materiais mais valorizados na arquitetura e no design de interiores pela sua eleg\u00e2ncia, conforto e versatilidade. No entanto, como material natural, reage \u00e0s condi\u00e7\u00f5es do ambiente em que est\u00e1 inserida.<\/p>\n\n\n\n<p class=\"wp-block-paragraph\">Durante os meses de ver\u00e3o, alguns fatores podem acelerar o desgaste dos acabamentos e comprometer a estabilidade da madeira, sobretudo em espa\u00e7os com utiliza\u00e7\u00e3o intensiva.<\/p>\n\n\n\n<p class=\"wp-block-paragraph\">Os principais fatores s\u00e3o:<\/p>\n\n\n\n<ul class=\"wp-block-list\">\n<li>Exposi\u00e7\u00e3o solar prolongada, que pode provocar altera\u00e7\u00f5es de cor e degrada\u00e7\u00e3o dos acabamentos;<\/li>\n\n\n\n<li>Varia\u00e7\u00f5es de temperatura e humidade, respons\u00e1veis pelos movimentos naturais de dilata\u00e7\u00e3o e contra\u00e7\u00e3o da madeira;<\/li>\n\n\n\n<li>Utiliza\u00e7\u00e3o di\u00e1ria intensa, t\u00edpica de hot\u00e9is, edif\u00edcios empresariais e espa\u00e7os p\u00fablicos, que aumenta o desgaste das superf\u00edcies.<\/li>\n<\/ul>\n\n\n\n<h3 class=\"wp-block-heading\">Como proteger a madeira da exposi\u00e7\u00e3o solar?<\/h3>\n\n\n\n<p class=\"wp-block-paragraph\">A incid\u00eancia direta da luz solar \u00e9 um dos fatores que mais influencia a conserva\u00e7\u00e3o da madeira ao longo do tempo.<\/p>\n\n\n\n<p class=\"wp-block-paragraph\">Para reduzir este impacto, \u00e9 aconselh\u00e1vel:<\/p>\n\n\n\n<ul class=\"wp-block-list\">\n<li>Utilizar cortinas, estores ou outras solu\u00e7\u00f5es de prote\u00e7\u00e3o solar;<\/li>\n\n\n\n<li>Selecionar vernizes e acabamentos adequados ao n\u00edvel de exposi\u00e7\u00e3o do espa\u00e7o;<\/li>\n\n\n\n<li>Considerar a orienta\u00e7\u00e3o solar do edif\u00edcio logo na fase de projeto;<\/li>\n\n\n\n<li>Privilegiar materiais e acabamentos concebidos para ambientes de elevada utiliza\u00e7\u00e3o.<\/li>\n<\/ul>\n\n\n\n<p class=\"wp-block-paragraph\">Na <strong>IberAgree<\/strong>, estes aspetos s\u00e3o considerados desde a fase de desenvolvimento t\u00e9cnico, permitindo selecionar solu\u00e7\u00f5es de carpintaria adaptadas \u00e0s caracter\u00edsticas espec\u00edficas de cada projeto.<\/p>\n\n\n\n<h3 class=\"wp-block-heading\">Como fazer a manuten\u00e7\u00e3o da madeira em hot\u00e9is e empresas?<\/h3>\n\n\n\n<p class=\"wp-block-paragraph\">Uma manuten\u00e7\u00e3o regular \u00e9 essencial para prolongar a vida \u00fatil de portas, revestimentos, mobili\u00e1rio fixo, pain\u00e9is decorativos e restantes elementos de carpintaria.<\/p>\n\n\n\n<p class=\"wp-block-paragraph\">Algumas boas pr\u00e1ticas incluem:<\/p>\n\n\n\n<ul class=\"wp-block-list\">\n<li>Limpar regularmente com produtos compat\u00edveis com o tipo de acabamento;<\/li>\n\n\n\n<li>Evitar detergentes abrasivos ou solventes agressivos;<\/li>\n\n\n\n<li>Inspecionar periodicamente as superf\u00edcies para identificar sinais de desgaste;<\/li>\n\n\n\n<li>Renovar tratamentos de prote\u00e7\u00e3o sempre que necess\u00e1rio, de acordo com as recomenda\u00e7\u00f5es do fabricante.<\/li>\n<\/ul>\n\n\n\n<p class=\"wp-block-paragraph\">A manuten\u00e7\u00e3o preventiva permite reduzir custos de interven\u00e7\u00e3o futura e manter os espa\u00e7os com uma imagem cuidada e profissional.<\/p>\n\n\n\n<h3 class=\"wp-block-heading\">Porque \u00e9 importante escolher solu\u00e7\u00f5es de carpintaria adequadas?<\/h3>\n\n\n\n<p class=\"wp-block-paragraph\">A durabilidade de uma solu\u00e7\u00e3o em madeira n\u00e3o depende apenas da manuten\u00e7\u00e3o. A sele\u00e7\u00e3o dos materiais, dos sistemas construtivos e dos acabamentos tem um impacto direto no desempenho ao longo dos anos.<\/p>\n\n\n\n<p class=\"wp-block-paragraph\">Em projetos de hotelaria, escrit\u00f3rios ou edif\u00edcios comerciais, \u00e9 importante optar por solu\u00e7\u00f5es desenvolvidas para responder \u00e0s exig\u00eancias de utiliza\u00e7\u00e3o intensiva e \u00e0s condi\u00e7\u00f5es espec\u00edficas de cada ambiente.<\/p>\n\n\n\n<p class=\"wp-block-paragraph\">Na <strong>IberAgree<\/strong>, cada projeto \u00e9 concebido de forma personalizada, combinando conhecimento t\u00e9cnico, rigor de execu\u00e7\u00e3o e aten\u00e7\u00e3o ao detalhe para garantir solu\u00e7\u00f5es dur\u00e1veis, funcionais e esteticamente consistentes.<\/p>\n\n\n\n<h3 class=\"wp-block-heading\">A madeira continua a ser uma boa escolha para hot\u00e9is e espa\u00e7os empresariais?<\/h3>\n\n\n\n<p class=\"wp-block-paragraph\">Sim. Quando corretamente especificada, instalada e mantida, a madeira continua a ser uma das solu\u00e7\u00f5es mais valorizadas para projetos profissionais.<\/p>\n\n\n\n<p class=\"wp-block-paragraph\">Al\u00e9m da sua elevada qualidade est\u00e9tica, oferece conforto, versatilidade e capacidade de integra\u00e7\u00e3o em diferentes conceitos arquitet\u00f3nicos, desde hot\u00e9is de luxo at\u00e9 edif\u00edcios corporativos e espa\u00e7os comerciais.<\/p>\n\n\n\n<p class=\"wp-block-paragraph\">Com uma manuten\u00e7\u00e3o adequada e uma escolha criteriosa dos materiais, os elementos em madeira podem preservar as suas caracter\u00edsticas t\u00e9cnicas e visuais durante muitos anos.<\/p>\n\n\n\n<p class=\"wp-block-paragraph\">Na <strong>IberAgree<\/strong>, desenvolvemos solu\u00e7\u00f5es de carpintaria t\u00e9cnica para projetos nacionais e internacionais, acompanhando cada obra desde a conce\u00e7\u00e3o at\u00e9 \u00e0 execu\u00e7\u00e3o, sempre com foco na qualidade, durabilidade e exig\u00eancia t\u00e9cnica.<\/p>","protected":false},"excerpt":{"rendered":"<p>A melhor forma de conservar a madeira em hot\u00e9is e espa\u00e7os empresariais durante o ver\u00e3o passa por uma combina\u00e7\u00e3o de manuten\u00e7\u00e3o preventiva, controlo da exposi\u00e7\u00e3o solar, estabilidade das condi\u00e7\u00f5es ambientais e utiliza\u00e7\u00e3o de produtos adequados ao tipo de acabamento. Estes cuidados ajudam a preservar a apar\u00eancia, a resist\u00eancia e a durabilidade dos elementos em madeira [&hellip;]<\/p>\n","protected":false},"author":1,"featured_media":2320,"comment_status":"closed","ping_status":"","sticky":false,"template":"","format":"standard","meta":{"_seopress_titles_title":"","_seopress_titles_desc":"","_seopress_robots_index":"","_seopress_robots_follow":"","_seopress_robots_imageindex":"","_seopress_robots_snippet":"","_seopress_robots_primary_cat":"","_seopress_robots_breadcrumbs":"","_seopress_robots_freeze_modified_date":"","_seopress_robots_custom_modified_date":"","_seopress_robots_canonical":"","_seopress_social_fb_title":"","_seopress_social_fb_desc":"","_seopress_social_fb_img":"","_seopress_social_fb_img_attachment_id":0,"_seopress_social_fb_img_width":0,"_seopress_social_fb_img_height":0,"_seopress_social_twitter_title":"","_seopress_social_twitter_desc":"","_seopress_social_twitter_img":"","_seopress_social_twitter_img_attachment_id":0,"_seopress_social_twitter_img_width":0,"_seopress_social_twitter_img_height":0,"_seopress_redirections_value":"","_seopress_redirections_enabled":"","_seopress_redirections_enabled_regex":"","_seopress_redirections_logged_status":"","_seopress_redirections_param":"","_seopress_redirections_type":0,"_seopress_analysis_target_kw":"","footnotes":""},"categories":[1],"tags":[],"class_list":["post-2317","post","type-post","status-publish","format-standard","has-post-thumbnail","hentry","category-novidades"],"_links":{"self":[{"href":"https:\/\/www.iberagree.eu\/fr\/wp-json\/wp\/v2\/posts\/2317","targetHints":{"allow":["GET"]}}],"collection":[{"href":"https:\/\/www.iberagree.eu\/fr\/wp-json\/wp\/v2\/posts"}],"about":[{"href":"https:\/\/www.iberagree.eu\/fr\/wp-json\/wp\/v2\/types\/post"}],"author":[{"embeddable":true,"href":"https:\/\/www.iberagree.eu\/fr\/wp-json\/wp\/v2\/users\/1"}],"replies":[{"embeddable":true,"href":"https:\/\/www.iberagree.eu\/fr\/wp-json\/wp\/v2\/comments?post=2317"}],"version-history":[{"count":1,"href":"https:\/\/www.iberagree.eu\/fr\/wp-json\/wp\/v2\/posts\/2317\/revisions"}],"predecessor-version":[{"id":2318,"href":"https:\/\/www.iberagree.eu\/fr\/wp-json\/wp\/v2\/posts\/2317\/revisions\/2318"}],"wp:featuredmedia":[{"embeddable":true,"href":"https:\/\/www.iberagree.eu\/fr\/wp-json\/wp\/v2\/media\/2320"}],"wp:attachment":[{"href":"https:\/\/www.iberagree.eu\/fr\/wp-json\/wp\/v2\/media?parent=2317"}],"wp:term":[{"taxonomy":"category","embeddable":true,"href":"https:\/\/www.iberagree.eu\/fr\/wp-json\/wp\/v2\/categories?post=2317"},{"taxonomy":"post_tag","embeddable":true,"href":"https:\/\/www.iberagree.eu\/fr\/wp-json\/wp\/v2\/tags?post=2317"}],"curies":[{"name":"wp","href":"https:\/\/api.w.org\/{rel}","templated":true}]}}